{"id":80,"date":"2012-02-28T17:07:17","date_gmt":"2012-02-28T17:07:17","guid":{"rendered":"http:\/\/www.encontrasenadorcamara.com.br\/noticias\/?p=80"},"modified":"2013-08-15T17:28:55","modified_gmt":"2013-08-15T17:28:55","slug":"suspeito-de-violentar-a-enteada-de-9-anos-e-detido-em-senador-camara","status":"publish","type":"post","link":"https:\/\/www.encontrasenadorcamara.com.br\/noticias\/suspeito-de-violentar-a-enteada-de-9-anos-e-detido-em-senador-camara\/","title":{"rendered":"Suspeito de violentar a enteada de 9 anos \u00e9 detido em Senador Camar\u00e1"},"content":{"rendered":"<p>Policiais do Batalh\u00e3o de Bangu (14\u00ba BPM) detiveram neste domingo (26) um homem suspeito de estuprar a enteada, de 9 anos, na estrada do Viegas, no Bairro Senador Camar\u00e1, na zona oeste do Rio.<\/p>\n<p>O suspeito, que tem 41 anos, teria abusado da menina v\u00e1rias vezes. A crian\u00e7a foi levada para o hospital Albert Schweitzer, em Realengo, onde passou por exames.<\/p>\n<p>Fonte: <em>noticias.r7.com<\/em><\/p>\n","protected":false},"excerpt":{"rendered":"<p>Policiais do Batalh\u00e3o de Bangu (14\u00ba BPM) detiveram neste domingo (26) um homem suspeito de estuprar a enteada, de 9 anos, na estrada do Viegas, no Bairro Senador Camar\u00e1, na zona oeste do Rio. O suspeito, que tem 41 anos, teria abusado da menina v\u00e1rias vezes. A crian\u00e7a foi levada para o hospital Albert Schweitzer, [&hellip;]<\/p>\n","protected":false},"author":1,"featured_media":0,"comment_status":"open","ping_status":"open","sticky":false,"template":"","format":"standard","meta":{"footnotes":""},"categories":[6],"tags":[15],"class_list":["post-80","post","type-post","status-publish","format-standard","hentry","category-noticias","tag-senador-camara"],"_links":{"self":[{"href":"https:\/\/www.encontrasenadorcamara.com.br\/noticias\/wp-json\/wp\/v2\/posts\/80","targetHints":{"allow":["GET"]}}],"collection":[{"href":"https:\/\/www.encontrasenadorcamara.com.br\/noticias\/wp-json\/wp\/v2\/posts"}],"about":[{"href":"https:\/\/www.encontrasenadorcamara.com.br\/noticias\/wp-json\/wp\/v2\/types\/post"}],"author":[{"embeddable":true,"href":"https:\/\/www.encontrasenadorcamara.com.br\/noticias\/wp-json\/wp\/v2\/users\/1"}],"replies":[{"embeddable":true,"href":"https:\/\/www.encontrasenadorcamara.com.br\/noticias\/wp-json\/wp\/v2\/comments?post=80"}],"version-history":[{"count":4,"href":"https:\/\/www.encontrasenadorcamara.com.br\/noticias\/wp-json\/wp\/v2\/posts\/80\/revisions"}],"predecessor-version":[{"id":265,"href":"https:\/\/www.encontrasenadorcamara.com.br\/noticias\/wp-json\/wp\/v2\/posts\/80\/revisions\/265"}],"wp:attachment":[{"href":"https:\/\/www.encontrasenadorcamara.com.br\/noticias\/wp-json\/wp\/v2\/media?parent=80"}],"wp:term":[{"taxonomy":"category","embeddable":true,"href":"https:\/\/www.encontrasenadorcamara.com.br\/noticias\/wp-json\/wp\/v2\/categories?post=80"},{"taxonomy":"post_tag","embeddable":true,"href":"https:\/\/www.encontrasenadorcamara.com.br\/noticias\/wp-json\/wp\/v2\/tags?post=80"}],"curies":[{"name":"wp","href":"https:\/\/api.w.org\/{rel}","templated":true}]}}