{"id":169,"date":"2013-01-31T01:48:27","date_gmt":"2013-01-31T01:48:27","guid":{"rendered":"http:\/\/www.encontrasenadorcamara.com.br\/noticias\/?p=169"},"modified":"2013-08-15T17:28:56","modified_gmt":"2013-08-15T17:28:56","slug":"prefeitura-inaugura-espaco-de-desenvolvimento-infantil-em-senador-camara","status":"publish","type":"post","link":"https:\/\/www.encontrasenadorcamara.com.br\/noticias\/prefeitura-inaugura-espaco-de-desenvolvimento-infantil-em-senador-camara\/","title":{"rendered":"Prefeitura inaugura Espa\u00e7o de Desenvolvimento Infantil em Senador Camar\u00e1"},"content":{"rendered":"<p>A Prefeitura do Rio de Janeiro inaugurou na manh\u00e3 desta quarta-feira (30\/01) mais dois Espa\u00e7os de Desenvolvimento Infantil (EDI), na Zona Oeste do Rio de Janeiro. A primeira unidade inaugurada foi o EDI Professor Marco Altino de Oliveira, no bairro de Campo Grande. Em seguida foi a vez do EDI Professora Giovana Bansi, em Senador Camar\u00e1. As duas unidades foram constru\u00eddas pela Secretaria Municipal de Obras, atrav\u00e9s da Riourbe, e juntas somam um investimento de R$ 7,6 milh\u00f5es. Com as inaugura\u00e7\u00f5es, a Prefeitura aumenta o atendimento em pr\u00e9-escola na cidade em mais 425 vagas.<\/p>\n<p>&#8211; N\u00f3s estamos fazendo uma revolu\u00e7\u00e3o na Educa\u00e7\u00e3o Infantil. Mais importante que dar a tranquilidade para as m\u00e3es trabalharem, \u00e9 dar tamb\u00e9m uma educa\u00e7\u00e3o de qualidade desde a primeira inf\u00e2ncia. Pesquisas mostram que a crian\u00e7a que teve uma aten\u00e7\u00e3o adequada quando era pequenininha, vai ter um desempenho muito melhor quando for alfabetizada. Estamos conseguindo n\u00e3o s\u00f3 diminuir a falta de creche, estamos construindo creches com qualidade. Eu visitei creches no mundo inteiro e nunca vi espa\u00e7os com a qualidade desses aqui constru\u00eddos pela Prefeitura \u2013 disse a secret\u00e1ria municipal de Educa\u00e7\u00e3o, Cl\u00e1udia Costin, que participou das duas inaugura\u00e7\u00f5es.<\/p>\n<p>Na Zona Oeste j\u00e1 foram inaugurados 56 EDIs, sendo nove em Campo Grande e quatro em Senador Camar\u00e1. O EDI Professor Marco Altino de Oliveira ter\u00e1 capacidade para atender at\u00e9 275 crian\u00e7as, com 225 vagas para creche e mais 50 para pr\u00e9-escola. J\u00e1 o EDI Professora Giovana Bansi oferecer\u00e1 150 vagas em creche. Os dois contam com salas de atividades, ber\u00e7\u00e1rios, lact\u00e1rio, frald\u00e1rio, sol\u00e1rio, sala de primeiros atendimentos, al\u00e9m de \u00e1reas administrativas.<\/p>\n<p>Desde 2009, a Prefeitura do Rio criou 23.753 novas vagas em Educa\u00e7\u00e3o Infantil, em 103 EDIs constru\u00eddos e em 98 escolas que tiveram seus espa\u00e7os adequados para este tipo de atendimento. Para os pr\u00f3ximos quatro anos, est\u00e3o previstas a cria\u00e7\u00e3o de 30 mil novas vagas para esse atendimento. Os EDIs seguem o novo modelo de atendimento \u00e0 primeira inf\u00e2ncia que integra creche e pr\u00e9-escola e s\u00e3o dedicados a crian\u00e7as de 6 meses a 5 anos e 11 meses de idade.<\/p>\n<p><em>Fonte: Prefeitura do Rio<\/em><\/p>\n","protected":false},"excerpt":{"rendered":"<p>A Prefeitura do Rio de Janeiro inaugurou na manh\u00e3 desta quarta-feira (30\/01) mais dois Espa\u00e7os de Desenvolvimento Infantil (EDI), na Zona Oeste do Rio de Janeiro. A primeira unidade inaugurada foi o EDI Professor Marco Altino de Oliveira, no bairro de Campo Grande. Em seguida foi a vez do EDI Professora Giovana Bansi, em Senador [&hellip;]<\/p>\n","protected":false},"author":1,"featured_media":0,"comment_status":"open","ping_status":"open","sticky":false,"template":"","format":"standard","meta":{"footnotes":""},"categories":[6],"tags":[],"class_list":["post-169","post","type-post","status-publish","format-standard","hentry","category-noticias"],"_links":{"self":[{"href":"https:\/\/www.encontrasenadorcamara.com.br\/noticias\/wp-json\/wp\/v2\/posts\/169","targetHints":{"allow":["GET"]}}],"collection":[{"href":"https:\/\/www.encontrasenadorcamara.com.br\/noticias\/wp-json\/wp\/v2\/posts"}],"about":[{"href":"https:\/\/www.encontrasenadorcamara.com.br\/noticias\/wp-json\/wp\/v2\/types\/post"}],"author":[{"embeddable":true,"href":"https:\/\/www.encontrasenadorcamara.com.br\/noticias\/wp-json\/wp\/v2\/users\/1"}],"replies":[{"embeddable":true,"href":"https:\/\/www.encontrasenadorcamara.com.br\/noticias\/wp-json\/wp\/v2\/comments?post=169"}],"version-history":[{"count":6,"href":"https:\/\/www.encontrasenadorcamara.com.br\/noticias\/wp-json\/wp\/v2\/posts\/169\/revisions"}],"predecessor-version":[{"id":291,"href":"https:\/\/www.encontrasenadorcamara.com.br\/noticias\/wp-json\/wp\/v2\/posts\/169\/revisions\/291"}],"wp:attachment":[{"href":"https:\/\/www.encontrasenadorcamara.com.br\/noticias\/wp-json\/wp\/v2\/media?parent=169"}],"wp:term":[{"taxonomy":"category","embeddable":true,"href":"https:\/\/www.encontrasenadorcamara.com.br\/noticias\/wp-json\/wp\/v2\/categories?post=169"},{"taxonomy":"post_tag","embeddable":true,"href":"https:\/\/www.encontrasenadorcamara.com.br\/noticias\/wp-json\/wp\/v2\/tags?post=169"}],"curies":[{"name":"wp","href":"https:\/\/api.w.org\/{rel}","templated":true}]}}