{"id":126,"date":"2012-06-08T13:37:40","date_gmt":"2012-06-08T13:37:40","guid":{"rendered":"http:\/\/www.encontrasenadorcamara.com.br\/noticias\/?p=126"},"modified":"2013-08-15T17:27:57","modified_gmt":"2013-08-15T17:27:57","slug":"senador-camara-tera-novo-foro-da-justica-federal","status":"publish","type":"post","link":"https:\/\/www.encontrasenadorcamara.com.br\/noticias\/senador-camara-tera-novo-foro-da-justica-federal\/","title":{"rendered":"Senador Camar\u00e1 ter\u00e1 novo foro da Justi\u00e7a Federal"},"content":{"rendered":"<p>Cinco juizados especiais federais ser\u00e3o instalados em foro regional no bairro de Campo Grande, Zona Oeste do munic\u00edpio do Rio, em 2014, conforme a Resolu\u00e7\u00e3o n\u00ba 29\/2012, do Tribunal Regional Federal.<\/p>\n<p>De acordo com o documento, os 12\u00ba, 13\u00ba, 14\u00ba, 15\u00ba e 16\u00ba JEFs ter\u00e3o \u201ccompet\u00eancia privativa para processar e julgar toda mat\u00e9ria c\u00edvel e os feitos que envolvam os benef\u00edcios previdenci\u00e1rios mantidos no Regime Geral da Previd\u00eancia Social&#8221;.<\/p>\n<p>Os Juizados Especiais Federais localizados no Foro Regional de Campo Grande exercer\u00e3o compet\u00eancia territorial \u201csobre os munic\u00edpios de Serop\u00e9dica e de Itagua\u00ed e sobre os bairros de Santa Cruz, Paci\u00eancia, Sepetiba, Campo Grande, Cosmos, Guaratiba, Barra de Guaratiba, Pedra de Guaratiba, Inhoa\u00edba, Sant\u00edssimo, bairro Senador Camar\u00e1 e Senador Vasconcelos.&#8221; A regi\u00e3o abrangida pela jurisdi\u00e7\u00e3o do Foro tem uma popula\u00e7\u00e3o de cerca de 700 mil pessoas e uma economia diversificada, com \u00e1reas rurais, zona industrial, com\u00e9rcio e turismo.<\/p>\n<p>Fonte:<em> portalguaratiba.com.br<\/em><\/p>\n","protected":false},"excerpt":{"rendered":"<p>Cinco juizados especiais federais ser\u00e3o instalados em foro regional no bairro de Campo Grande, Zona Oeste do munic\u00edpio do Rio, em 2014, conforme a Resolu\u00e7\u00e3o n\u00ba 29\/2012, do Tribunal Regional Federal. De acordo com o documento, os 12\u00ba, 13\u00ba, 14\u00ba, 15\u00ba e 16\u00ba JEFs ter\u00e3o \u201ccompet\u00eancia privativa para processar e julgar toda mat\u00e9ria c\u00edvel e [&hellip;]<\/p>\n","protected":false},"author":1,"featured_media":0,"comment_status":"open","ping_status":"open","sticky":false,"template":"","format":"standard","meta":{"footnotes":""},"categories":[6],"tags":[15],"class_list":["post-126","post","type-post","status-publish","format-standard","hentry","category-noticias","tag-senador-camara"],"_links":{"self":[{"href":"https:\/\/www.encontrasenadorcamara.com.br\/noticias\/wp-json\/wp\/v2\/posts\/126","targetHints":{"allow":["GET"]}}],"collection":[{"href":"https:\/\/www.encontrasenadorcamara.com.br\/noticias\/wp-json\/wp\/v2\/posts"}],"about":[{"href":"https:\/\/www.encontrasenadorcamara.com.br\/noticias\/wp-json\/wp\/v2\/types\/post"}],"author":[{"embeddable":true,"href":"https:\/\/www.encontrasenadorcamara.com.br\/noticias\/wp-json\/wp\/v2\/users\/1"}],"replies":[{"embeddable":true,"href":"https:\/\/www.encontrasenadorcamara.com.br\/noticias\/wp-json\/wp\/v2\/comments?post=126"}],"version-history":[{"count":2,"href":"https:\/\/www.encontrasenadorcamara.com.br\/noticias\/wp-json\/wp\/v2\/posts\/126\/revisions"}],"predecessor-version":[{"id":218,"href":"https:\/\/www.encontrasenadorcamara.com.br\/noticias\/wp-json\/wp\/v2\/posts\/126\/revisions\/218"}],"wp:attachment":[{"href":"https:\/\/www.encontrasenadorcamara.com.br\/noticias\/wp-json\/wp\/v2\/media?parent=126"}],"wp:term":[{"taxonomy":"category","embeddable":true,"href":"https:\/\/www.encontrasenadorcamara.com.br\/noticias\/wp-json\/wp\/v2\/categories?post=126"},{"taxonomy":"post_tag","embeddable":true,"href":"https:\/\/www.encontrasenadorcamara.com.br\/noticias\/wp-json\/wp\/v2\/tags?post=126"}],"curies":[{"name":"wp","href":"https:\/\/api.w.org\/{rel}","templated":true}]}}