{"id":115,"date":"2012-04-27T18:18:31","date_gmt":"2012-04-27T18:18:31","guid":{"rendered":"http:\/\/www.encontrasenadorcamara.com.br\/noticias\/?p=115"},"modified":"2013-08-15T17:27:57","modified_gmt":"2013-08-15T17:27:57","slug":"senador-camara-policia-prende-15-pessoas-em-acao-para-reprimir-uso-de-panfletos-em-orelhoes","status":"publish","type":"post","link":"https:\/\/www.encontrasenadorcamara.com.br\/noticias\/senador-camara-policia-prende-15-pessoas-em-acao-para-reprimir-uso-de-panfletos-em-orelhoes\/","title":{"rendered":"Senador Camar\u00e1: Pol\u00edcia prende 15 pessoas em a\u00e7\u00e3o para reprimir uso de panfletos em orelh\u00f5es"},"content":{"rendered":"<p>Policiais militares do Batalh\u00e3o do bairro Bangu (14\u00ba BPM) iniciaram\u00a0na manh\u00e3 desta quarta-feira (25) uma opera\u00e7\u00e3o no Complexo de Senador Camar\u00e1, na zona oeste do Rio de Janeiro, para combater o crime organizado e o tr\u00e1fico de drogas na regi\u00e3o.<\/p>\n<p>Os PMs vasculham as favelas do Rebu, Coreia e Vila Alian\u00e7a. A opera\u00e7\u00e3o, que come\u00e7ou por volta das 6h, conta com\u00a0a participa\u00e7\u00e3o de cerca de 20 agentes e tem o apoio de um\u00a0ve\u00edculo\u00a0blindado.<\/p>\n<p>Segundo o 14\u00baBPM, at\u00e9 as 10h30, n\u00e3o haviam registro de pris\u00f5es, apreens\u00f5es e tiroteios.<\/p>\n<p>Os agentes do Bope (Batalh\u00e3o de Opera\u00e7\u00f5es Especiais) tamb\u00e9m fizeram uma opera\u00e7\u00e3o contra o tr\u00e1fico de drogas no Morro do 18, no bairro de \u00c1gua Santa, na zona norte do Rio. A a\u00e7\u00e3o terminou sem pris\u00f5es ou apreens\u00f5es.<\/p>\n<p>Fonte:\u00a0<em>noticias.r7.com\/<\/em><\/p>\n","protected":false},"excerpt":{"rendered":"<p>Policiais militares do Batalh\u00e3o do bairro Bangu (14\u00ba BPM) iniciaram\u00a0na manh\u00e3 desta quarta-feira (25) uma opera\u00e7\u00e3o no Complexo de Senador Camar\u00e1, na zona oeste do Rio de Janeiro, para combater o crime organizado e o tr\u00e1fico de drogas na regi\u00e3o. Os PMs vasculham as favelas do Rebu, Coreia e Vila Alian\u00e7a. A opera\u00e7\u00e3o, que come\u00e7ou [&hellip;]<\/p>\n","protected":false},"author":1,"featured_media":0,"comment_status":"open","ping_status":"open","sticky":false,"template":"","format":"standard","meta":{"footnotes":""},"categories":[6],"tags":[15],"class_list":["post-115","post","type-post","status-publish","format-standard","hentry","category-noticias","tag-senador-camara"],"_links":{"self":[{"href":"https:\/\/www.encontrasenadorcamara.com.br\/noticias\/wp-json\/wp\/v2\/posts\/115","targetHints":{"allow":["GET"]}}],"collection":[{"href":"https:\/\/www.encontrasenadorcamara.com.br\/noticias\/wp-json\/wp\/v2\/posts"}],"about":[{"href":"https:\/\/www.encontrasenadorcamara.com.br\/noticias\/wp-json\/wp\/v2\/types\/post"}],"author":[{"embeddable":true,"href":"https:\/\/www.encontrasenadorcamara.com.br\/noticias\/wp-json\/wp\/v2\/users\/1"}],"replies":[{"embeddable":true,"href":"https:\/\/www.encontrasenadorcamara.com.br\/noticias\/wp-json\/wp\/v2\/comments?post=115"}],"version-history":[{"count":4,"href":"https:\/\/www.encontrasenadorcamara.com.br\/noticias\/wp-json\/wp\/v2\/posts\/115\/revisions"}],"predecessor-version":[{"id":226,"href":"https:\/\/www.encontrasenadorcamara.com.br\/noticias\/wp-json\/wp\/v2\/posts\/115\/revisions\/226"}],"wp:attachment":[{"href":"https:\/\/www.encontrasenadorcamara.com.br\/noticias\/wp-json\/wp\/v2\/media?parent=115"}],"wp:term":[{"taxonomy":"category","embeddable":true,"href":"https:\/\/www.encontrasenadorcamara.com.br\/noticias\/wp-json\/wp\/v2\/categories?post=115"},{"taxonomy":"post_tag","embeddable":true,"href":"https:\/\/www.encontrasenadorcamara.com.br\/noticias\/wp-json\/wp\/v2\/tags?post=115"}],"curies":[{"name":"wp","href":"https:\/\/api.w.org\/{rel}","templated":true}]}}